{"id":1849,"date":"2018-11-15T08:45:04","date_gmt":"2018-11-15T08:45:04","guid":{"rendered":"http:\/\/ruizdecoletaje.com\/?p=1849"},"modified":"2018-11-15T08:45:52","modified_gmt":"2018-11-15T08:45:52","slug":"todo-listo-para-participar-en-la-feria-emaf-de-oporto-la-semana-proxima","status":"publish","type":"post","link":"https:\/\/ruizdecoletaje.com\/?p=1849","title":{"rendered":"Todo listo para participar en la Feria EMAF de Oporto la semana pr\u00f3xima!!"},"content":{"rendered":"<p>En Ruiz Decoletaje ya lo tenemos todo listo para participar en la Feria EMAF, que se celebrar\u00e1 la semana pr\u00f3xima en Oporto, del 21 al 24 de noviembre.<\/p>\n<p><img loading=\"lazy\" class=\"wp-image-1851 aligncenter\" src=\"https:\/\/ruizdecoletaje.com\/wp-content\/uploads\/2018\/11\/V2_RUIZ-DECOLETAJE_Facebook-EMAF-Exponor-170520.png\" alt=\"RUIZ DECOLETAJE_Facebook-EMAF-Exponor\" width=\"605\" height=\"230\" srcset=\"https:\/\/ruizdecoletaje.com\/wp-content\/uploads\/2018\/11\/V2_RUIZ-DECOLETAJE_Facebook-EMAF-Exponor-170520.png 1660w, https:\/\/ruizdecoletaje.com\/wp-content\/uploads\/2018\/11\/V2_RUIZ-DECOLETAJE_Facebook-EMAF-Exponor-170520-300x114.png 300w, https:\/\/ruizdecoletaje.com\/wp-content\/uploads\/2018\/11\/V2_RUIZ-DECOLETAJE_Facebook-EMAF-Exponor-170520-768x292.png 768w, https:\/\/ruizdecoletaje.com\/wp-content\/uploads\/2018\/11\/V2_RUIZ-DECOLETAJE_Facebook-EMAF-Exponor-170520-1024x390.png 1024w, https:\/\/ruizdecoletaje.com\/wp-content\/uploads\/2018\/11\/V2_RUIZ-DECOLETAJE_Facebook-EMAF-Exponor-170520-1170x445.png 1170w, https:\/\/ruizdecoletaje.com\/wp-content\/uploads\/2018\/11\/V2_RUIZ-DECOLETAJE_Facebook-EMAF-Exponor-170520-585x223.png 585w\" sizes=\"(max-width: 605px) 100vw, 605px\" \/><\/p>\n<p>Estaremos exponiendo en el <strong>Stand G220<\/strong>, junto a otras empresas pertenecientes a la Asociaci\u00f3n de Industrias de Mecanizado <strong>AFMEC<\/strong>, de la que formamos parte.<\/p>\n<p><img loading=\"lazy\" class=\"wp-image-1852 aligncenter\" src=\"https:\/\/ruizdecoletaje.com\/wp-content\/uploads\/2018\/11\/Logo_AFMEC_Castellano.jpg\" alt=\"Logo_AFMEC_Castellano\" width=\"401\" height=\"223\" srcset=\"https:\/\/ruizdecoletaje.com\/wp-content\/uploads\/2018\/11\/Logo_AFMEC_Castellano.jpg 1337w, https:\/\/ruizdecoletaje.com\/wp-content\/uploads\/2018\/11\/Logo_AFMEC_Castellano-300x167.jpg 300w, https:\/\/ruizdecoletaje.com\/wp-content\/uploads\/2018\/11\/Logo_AFMEC_Castellano-768x427.jpg 768w, https:\/\/ruizdecoletaje.com\/wp-content\/uploads\/2018\/11\/Logo_AFMEC_Castellano-1024x570.jpg 1024w, https:\/\/ruizdecoletaje.com\/wp-content\/uploads\/2018\/11\/Logo_AFMEC_Castellano-1170x651.jpg 1170w, https:\/\/ruizdecoletaje.com\/wp-content\/uploads\/2018\/11\/Logo_AFMEC_Castellano-585x326.jpg 585w\" sizes=\"(max-width: 401px) 100vw, 401px\" \/><\/p>\n<p>Aprovecharemos la cita para mostrar, a las empresas portuguesas y de otros pa\u00edses europeos que nos visiten, nuestra tecnolog\u00eda en el Mecanizado de Lat\u00f3n, Acero, Aluminio y Pl\u00e1stico; nuestro Parque de maquinaria que incluye Tornos Autom\u00e1ticos, Tornos CNC y Centros de Mecanizado de 3, 4 y 5 ejes, y todo nuestro saber-hacer en el mecanizado y decoletaje de piezas.<\/p>\n<p>La Feria EMAF supone una gran oportunidad para Internacionalizar nuestra actividad, y queremos aprovecharla al m\u00e1ximo!!!<\/p>\n","protected":false},"excerpt":{"rendered":"<p>En Ruiz Decoletaje ya lo tenemos todo listo para participar en la Feria EMAF, que se celebrar\u00e1 la semana pr\u00f3xima en Oporto,&hellip;<\/p>\n","protected":false},"author":1,"featured_media":1851,"comment_status":"closed","ping_status":"closed","sticky":false,"template":"","format":"standard","meta":[],"categories":[38,1],"tags":[],"_links":{"self":[{"href":"https:\/\/ruizdecoletaje.com\/index.php?rest_route=\/wp\/v2\/posts\/1849"}],"collection":[{"href":"https:\/\/ruizdecoletaje.com\/index.php?rest_route=\/wp\/v2\/posts"}],"about":[{"href":"https:\/\/ruizdecoletaje.com\/index.php?rest_route=\/wp\/v2\/types\/post"}],"author":[{"embeddable":true,"href":"https:\/\/ruizdecoletaje.com\/index.php?rest_route=\/wp\/v2\/users\/1"}],"replies":[{"embeddable":true,"href":"https:\/\/ruizdecoletaje.com\/index.php?rest_route=%2Fwp%2Fv2%2Fcomments&post=1849"}],"version-history":[{"count":2,"href":"https:\/\/ruizdecoletaje.com\/index.php?rest_route=\/wp\/v2\/posts\/1849\/revisions"}],"predecessor-version":[{"id":1854,"href":"https:\/\/ruizdecoletaje.com\/index.php?rest_route=\/wp\/v2\/posts\/1849\/revisions\/1854"}],"wp:featuredmedia":[{"embeddable":true,"href":"https:\/\/ruizdecoletaje.com\/index.php?rest_route=\/wp\/v2\/media\/1851"}],"wp:attachment":[{"href":"https:\/\/ruizdecoletaje.com\/index.php?rest_route=%2Fwp%2Fv2%2Fmedia&parent=1849"}],"wp:term":[{"taxonomy":"category","embeddable":true,"href":"https:\/\/ruizdecoletaje.com\/index.php?rest_route=%2Fwp%2Fv2%2Fcategories&post=1849"},{"taxonomy":"post_tag","embeddable":true,"href":"https:\/\/ruizdecoletaje.com\/index.php?rest_route=%2Fwp%2Fv2%2Ftags&post=1849"}],"curies":[{"name":"wp","href":"https:\/\/api.w.org\/{rel}","templated":true}]}}